{"id":10079,"date":"2026-04-27T07:40:35","date_gmt":"2026-04-27T05:40:35","guid":{"rendered":"https:\/\/gruene-sg.ch\/stadtsg\/?p=10079"},"modified":"2026-04-27T07:40:35","modified_gmt":"2026-04-27T05:40:35","slug":"gruene-stadt-und-region-st-gallen-fassen-ja-parole-zum-rauchverbot-auf-spielplaetzen-und-waehlen-neue-vorstandsmitglieder","status":"publish","type":"post","link":"https:\/\/gruene-sg.ch\/stadtsg\/2026\/04\/27\/gruene-stadt-und-region-st-gallen-fassen-ja-parole-zum-rauchverbot-auf-spielplaetzen-und-waehlen-neue-vorstandsmitglieder\/","title":{"rendered":"GR\u00dcNE Stadt und Region St.Gallen fassen Ja-Parole zum Rauchverbot auf Spielpl\u00e4tzen und w\u00e4hlen neue Vorstandsmitglieder"},"content":{"rendered":"","protected":false},"excerpt":{"rendered":"","protected":false},"author":19,"featured_media":10080,"comment_status":"open","ping_status":"open","sticky":false,"template":"","format":"standard","meta":{"inline_featured_image":false},"categories":[10,12],"tags":[],"yoast_head":"<!-- This site is optimized with the Yoast SEO plugin v15.4 - https:\/\/yoast.com\/wordpress\/plugins\/seo\/ -->\n<meta name=\"robots\" content=\"index, follow, max-snippet:-1, max-image-preview:large, max-video-preview:-1\" \/>\n<link rel=\"canonical\" href=\"https:\/\/gruene-sg.ch\/stadtsg\/2026\/04\/27\/gruene-stadt-und-region-st-gallen-fassen-ja-parole-zum-rauchverbot-auf-spielplaetzen-und-waehlen-neue-vorstandsmitglieder\/\" \/>\n<meta property=\"og:locale\" content=\"de_DE\" \/>\n<meta property=\"og:type\" content=\"article\" \/>\n<meta property=\"og:title\" content=\"GR\u00dcNE Stadt und Region St.Gallen fassen Ja-Parole zum Rauchverbot auf Spielpl\u00e4tzen und w\u00e4hlen neue Vorstandsmitglieder - GR\u00dcNE Stadt und Wahlkreis St.Gallen\" \/>\n<meta property=\"og:url\" content=\"https:\/\/gruene-sg.ch\/stadtsg\/2026\/04\/27\/gruene-stadt-und-region-st-gallen-fassen-ja-parole-zum-rauchverbot-auf-spielplaetzen-und-waehlen-neue-vorstandsmitglieder\/\" \/>\n<meta property=\"og:site_name\" content=\"GR\u00dcNE Stadt und Wahlkreis St.Gallen\" \/>\n<meta property=\"article:published_time\" content=\"2026-04-27T05:40:35+00:00\" \/>\n<meta property=\"og:image\" content=\"https:\/\/gruene-sg.ch\/stadtsg\/wp-content\/uploads\/sites\/6\/2026\/04\/Co-Praesidium1-1200x630.jpg\" \/>\n\t<meta property=\"og:image:width\" content=\"1200\" \/>\n\t<meta property=\"og:image:height\" content=\"630\" \/>\n<meta name=\"twitter:card\" content=\"summary_large_image\" \/>\n<meta name=\"twitter:label1\" content=\"Verfasst von\">\n\t<meta name=\"twitter:data1\" content=\"michaelbreu\">\n<script type=\"application\/ld+json\" class=\"yoast-schema-graph\">{\"@context\":\"https:\/\/schema.org\",\"@graph\":[{\"@type\":\"WebSite\",\"@id\":\"https:\/\/gruene-sg.ch\/stadtsg\/#website\",\"url\":\"https:\/\/gruene-sg.ch\/stadtsg\/\",\"name\":\"GR\\u00dcNE Stadt und Wahlkreis St.Gallen\",\"description\":\"GR\\u00dcNE Stadt und Wahlkreis St.Gallen\",\"potentialAction\":[{\"@type\":\"SearchAction\",\"target\":\"https:\/\/gruene-sg.ch\/stadtsg\/?s={search_term_string}\",\"query-input\":\"required name=search_term_string\"}],\"inLanguage\":\"de\"},{\"@type\":\"ImageObject\",\"@id\":\"https:\/\/gruene-sg.ch\/stadtsg\/2026\/04\/27\/gruene-stadt-und-region-st-gallen-fassen-ja-parole-zum-rauchverbot-auf-spielplaetzen-und-waehlen-neue-vorstandsmitglieder\/#primaryimage\",\"inLanguage\":\"de\",\"url\":\"https:\/\/gruene-sg.ch\/stadtsg\/wp-content\/uploads\/sites\/6\/2026\/04\/Co-Praesidium1-scaled.jpg\",\"width\":2560,\"height\":1920},{\"@type\":\"WebPage\",\"@id\":\"https:\/\/gruene-sg.ch\/stadtsg\/2026\/04\/27\/gruene-stadt-und-region-st-gallen-fassen-ja-parole-zum-rauchverbot-auf-spielplaetzen-und-waehlen-neue-vorstandsmitglieder\/#webpage\",\"url\":\"https:\/\/gruene-sg.ch\/stadtsg\/2026\/04\/27\/gruene-stadt-und-region-st-gallen-fassen-ja-parole-zum-rauchverbot-auf-spielplaetzen-und-waehlen-neue-vorstandsmitglieder\/\",\"name\":\"GR\\u00dcNE Stadt und Region St.Gallen fassen Ja-Parole zum Rauchverbot auf Spielpl\\u00e4tzen und w\\u00e4hlen neue Vorstandsmitglieder - GR\\u00dcNE Stadt und Wahlkreis St.Gallen\",\"isPartOf\":{\"@id\":\"https:\/\/gruene-sg.ch\/stadtsg\/#website\"},\"primaryImageOfPage\":{\"@id\":\"https:\/\/gruene-sg.ch\/stadtsg\/2026\/04\/27\/gruene-stadt-und-region-st-gallen-fassen-ja-parole-zum-rauchverbot-auf-spielplaetzen-und-waehlen-neue-vorstandsmitglieder\/#primaryimage\"},\"datePublished\":\"2026-04-27T05:40:35+00:00\",\"dateModified\":\"2026-04-27T05:40:35+00:00\",\"author\":{\"@id\":\"https:\/\/gruene-sg.ch\/stadtsg\/#\/schema\/person\/9276b9b393c88025d1758b121df6483d\"},\"breadcrumb\":{\"@id\":\"https:\/\/gruene-sg.ch\/stadtsg\/2026\/04\/27\/gruene-stadt-und-region-st-gallen-fassen-ja-parole-zum-rauchverbot-auf-spielplaetzen-und-waehlen-neue-vorstandsmitglieder\/#breadcrumb\"},\"inLanguage\":\"de\",\"potentialAction\":[{\"@type\":\"ReadAction\",\"target\":[\"https:\/\/gruene-sg.ch\/stadtsg\/2026\/04\/27\/gruene-stadt-und-region-st-gallen-fassen-ja-parole-zum-rauchverbot-auf-spielplaetzen-und-waehlen-neue-vorstandsmitglieder\/\"]}]},{\"@type\":\"BreadcrumbList\",\"@id\":\"https:\/\/gruene-sg.ch\/stadtsg\/2026\/04\/27\/gruene-stadt-und-region-st-gallen-fassen-ja-parole-zum-rauchverbot-auf-spielplaetzen-und-waehlen-neue-vorstandsmitglieder\/#breadcrumb\",\"itemListElement\":[{\"@type\":\"ListItem\",\"position\":1,\"item\":{\"@type\":\"WebPage\",\"@id\":\"https:\/\/gruene-sg.ch\/stadtsg\/\",\"url\":\"https:\/\/gruene-sg.ch\/stadtsg\/\",\"name\":\"Startseite\"}},{\"@type\":\"ListItem\",\"position\":2,\"item\":{\"@type\":\"WebPage\",\"@id\":\"https:\/\/gruene-sg.ch\/stadtsg\/#menu-item-7786\",\"url\":\"https:\/\/gruene-sg.ch\/stadtsg\/#menu-item-7786\",\"name\":\"Aktuell\"}},{\"@type\":\"ListItem\",\"position\":3,\"item\":{\"@type\":\"WebPage\",\"@id\":\"https:\/\/gruene-sg.ch\/stadtsg\/category\/news\/\",\"url\":\"https:\/\/gruene-sg.ch\/stadtsg\/category\/news\/\",\"name\":\"News\"}},{\"@type\":\"ListItem\",\"position\":4,\"item\":{\"@type\":\"WebPage\",\"@id\":\"https:\/\/gruene-sg.ch\/stadtsg\/category\/medienmitteilung\/\",\"url\":\"https:\/\/gruene-sg.ch\/stadtsg\/category\/medienmitteilung\/\",\"name\":\"Medienmitteilung\"}},{\"@type\":\"ListItem\",\"position\":5,\"item\":{\"@type\":\"WebPage\",\"@id\":\"https:\/\/gruene-sg.ch\/stadtsg\/2026\/04\/27\/gruene-stadt-und-region-st-gallen-fassen-ja-parole-zum-rauchverbot-auf-spielplaetzen-und-waehlen-neue-vorstandsmitglieder\/\",\"url\":\"https:\/\/gruene-sg.ch\/stadtsg\/2026\/04\/27\/gruene-stadt-und-region-st-gallen-fassen-ja-parole-zum-rauchverbot-auf-spielplaetzen-und-waehlen-neue-vorstandsmitglieder\/\",\"name\":\"GR\\u00dcNE Stadt und Region St.Gallen fassen Ja-Parole zum Rauchverbot auf Spielpl\\u00e4tzen und w\\u00e4hlen neue Vorstandsmitglieder\"}}]},{\"@type\":\"Person\",\"@id\":\"https:\/\/gruene-sg.ch\/stadtsg\/#\/schema\/person\/9276b9b393c88025d1758b121df6483d\",\"name\":\"michaelbreu\",\"image\":{\"@type\":\"ImageObject\",\"@id\":\"https:\/\/gruene-sg.ch\/stadtsg\/#personlogo\",\"inLanguage\":\"de\",\"url\":\"https:\/\/secure.gravatar.com\/avatar\/b534ff46166469023a27a64ce648ebf7?s=96&d=mm&r=g\",\"caption\":\"michaelbreu\"}}]}<\/script>\n<!-- \/ Yoast SEO plugin. -->","_links":{"self":[{"href":"https:\/\/gruene-sg.ch\/stadtsg\/wp-json\/wp\/v2\/posts\/10079"}],"collection":[{"href":"https:\/\/gruene-sg.ch\/stadtsg\/wp-json\/wp\/v2\/posts"}],"about":[{"href":"https:\/\/gruene-sg.ch\/stadtsg\/wp-json\/wp\/v2\/types\/post"}],"author":[{"embeddable":true,"href":"https:\/\/gruene-sg.ch\/stadtsg\/wp-json\/wp\/v2\/users\/19"}],"replies":[{"embeddable":true,"href":"https:\/\/gruene-sg.ch\/stadtsg\/wp-json\/wp\/v2\/comments?post=10079"}],"version-history":[{"count":4,"href":"https:\/\/gruene-sg.ch\/stadtsg\/wp-json\/wp\/v2\/posts\/10079\/revisions"}],"predecessor-version":[{"id":10084,"href":"https:\/\/gruene-sg.ch\/stadtsg\/wp-json\/wp\/v2\/posts\/10079\/revisions\/10084"}],"wp:featuredmedia":[{"embeddable":true,"href":"https:\/\/gruene-sg.ch\/stadtsg\/wp-json\/wp\/v2\/media\/10080"}],"wp:attachment":[{"href":"https:\/\/gruene-sg.ch\/stadtsg\/wp-json\/wp\/v2\/media?parent=10079"}],"wp:term":[{"taxonomy":"category","embeddable":true,"href":"https:\/\/gruene-sg.ch\/stadtsg\/wp-json\/wp\/v2\/categories?post=10079"},{"taxonomy":"post_tag","embeddable":true,"href":"https:\/\/gruene-sg.ch\/stadtsg\/wp-json\/wp\/v2\/tags?post=10079"}],"curies":[{"name":"wp","href":"https:\/\/api.w.org\/{rel}","templated":true}]}}