{"id":8857,"date":"2023-02-12T10:34:06","date_gmt":"2023-02-12T09:34:06","guid":{"rendered":"https:\/\/gruene-sg.ch\/stadtsg\/?p=8857"},"modified":"2023-02-12T10:37:44","modified_gmt":"2023-02-12T09:37:44","slug":"12-02-2023-abstimmung-am-12-maerz-gruene-fassen-parolen-zum-baumschutz-und-zur-wiesli-initiativegruene-fassen-parolen-zum-baumschutz-und-zur-wiesli-initiative","status":"publish","type":"post","link":"https:\/\/gruene-sg.ch\/stadtsg\/2023\/02\/12\/12-02-2023-abstimmung-am-12-maerz-gruene-fassen-parolen-zum-baumschutz-und-zur-wiesli-initiativegruene-fassen-parolen-zum-baumschutz-und-zur-wiesli-initiative\/","title":{"rendered":"GR\u00dcNE fassen Parolen f\u00fcr die kommunalen Abstimmungen am 12. M\u00e4rz 2023"},"content":{"rendered":"","protected":false},"excerpt":{"rendered":"","protected":false},"author":12,"featured_media":8316,"comment_status":"open","ping_status":"open","sticky":false,"template":"","format":"standard","meta":{"inline_featured_image":false},"categories":[10,12],"tags":[],"yoast_head":"<!-- This site is optimized with the Yoast SEO plugin v15.4 - https:\/\/yoast.com\/wordpress\/plugins\/seo\/ -->\n<meta name=\"robots\" content=\"index, follow, max-snippet:-1, max-image-preview:large, max-video-preview:-1\" \/>\n<link rel=\"canonical\" href=\"https:\/\/gruene-sg.ch\/stadtsg\/2023\/02\/12\/12-02-2023-abstimmung-am-12-maerz-gruene-fassen-parolen-zum-baumschutz-und-zur-wiesli-initiativegruene-fassen-parolen-zum-baumschutz-und-zur-wiesli-initiative\/\" \/>\n<meta property=\"og:locale\" content=\"de_DE\" \/>\n<meta property=\"og:type\" content=\"article\" \/>\n<meta property=\"og:title\" content=\"GR\u00dcNE fassen Parolen f\u00fcr die kommunalen Abstimmungen am 12. M\u00e4rz 2023 - GR\u00dcNE Stadt und Wahlkreis St.Gallen\" \/>\n<meta property=\"og:url\" content=\"https:\/\/gruene-sg.ch\/stadtsg\/2023\/02\/12\/12-02-2023-abstimmung-am-12-maerz-gruene-fassen-parolen-zum-baumschutz-und-zur-wiesli-initiativegruene-fassen-parolen-zum-baumschutz-und-zur-wiesli-initiative\/\" \/>\n<meta property=\"og:site_name\" content=\"GR\u00dcNE Stadt und Wahlkreis St.Gallen\" \/>\n<meta property=\"article:published_time\" content=\"2023-02-12T09:34:06+00:00\" \/>\n<meta property=\"article:modified_time\" content=\"2023-02-12T09:37:44+00:00\" \/>\n<meta property=\"og:image\" content=\"https:\/\/gruene-sg.ch\/stadtsg\/wp-content\/uploads\/sites\/6\/2021\/07\/20200526_200347-790x0-c-default.jpg\" \/>\n<meta name=\"twitter:card\" content=\"summary_large_image\" \/>\n<meta name=\"twitter:label1\" content=\"Verfasst von\">\n\t<meta name=\"twitter:data1\" content=\"chtistianh\">\n<script type=\"application\/ld+json\" class=\"yoast-schema-graph\">{\"@context\":\"https:\/\/schema.org\",\"@graph\":[{\"@type\":\"WebSite\",\"@id\":\"https:\/\/gruene-sg.ch\/stadtsg\/#website\",\"url\":\"https:\/\/gruene-sg.ch\/stadtsg\/\",\"name\":\"GR\\u00dcNE Stadt und Wahlkreis St.Gallen\",\"description\":\"GR\\u00dcNE Stadt und Wahlkreis St.Gallen\",\"potentialAction\":[{\"@type\":\"SearchAction\",\"target\":\"https:\/\/gruene-sg.ch\/stadtsg\/?s={search_term_string}\",\"query-input\":\"required name=search_term_string\"}],\"inLanguage\":\"de\"},{\"@type\":\"ImageObject\",\"@id\":\"https:\/\/gruene-sg.ch\/stadtsg\/2023\/02\/12\/12-02-2023-abstimmung-am-12-maerz-gruene-fassen-parolen-zum-baumschutz-und-zur-wiesli-initiativegruene-fassen-parolen-zum-baumschutz-und-zur-wiesli-initiative\/#primaryimage\",\"inLanguage\":\"de\",\"url\":\"https:\/\/gruene-sg.ch\/stadtsg\/wp-content\/uploads\/sites\/6\/2021\/07\/20200526_200347-scaled.jpg\",\"width\":2560,\"height\":1182},{\"@type\":\"WebPage\",\"@id\":\"https:\/\/gruene-sg.ch\/stadtsg\/2023\/02\/12\/12-02-2023-abstimmung-am-12-maerz-gruene-fassen-parolen-zum-baumschutz-und-zur-wiesli-initiativegruene-fassen-parolen-zum-baumschutz-und-zur-wiesli-initiative\/#webpage\",\"url\":\"https:\/\/gruene-sg.ch\/stadtsg\/2023\/02\/12\/12-02-2023-abstimmung-am-12-maerz-gruene-fassen-parolen-zum-baumschutz-und-zur-wiesli-initiativegruene-fassen-parolen-zum-baumschutz-und-zur-wiesli-initiative\/\",\"name\":\"GR\\u00dcNE fassen Parolen f\\u00fcr die kommunalen Abstimmungen am 12. M\\u00e4rz 2023 - GR\\u00dcNE Stadt und Wahlkreis St.Gallen\",\"isPartOf\":{\"@id\":\"https:\/\/gruene-sg.ch\/stadtsg\/#website\"},\"primaryImageOfPage\":{\"@id\":\"https:\/\/gruene-sg.ch\/stadtsg\/2023\/02\/12\/12-02-2023-abstimmung-am-12-maerz-gruene-fassen-parolen-zum-baumschutz-und-zur-wiesli-initiativegruene-fassen-parolen-zum-baumschutz-und-zur-wiesli-initiative\/#primaryimage\"},\"datePublished\":\"2023-02-12T09:34:06+00:00\",\"dateModified\":\"2023-02-12T09:37:44+00:00\",\"author\":{\"@id\":\"https:\/\/gruene-sg.ch\/stadtsg\/#\/schema\/person\/73ea874dfca380b225c8ebb1c073dc9d\"},\"breadcrumb\":{\"@id\":\"https:\/\/gruene-sg.ch\/stadtsg\/2023\/02\/12\/12-02-2023-abstimmung-am-12-maerz-gruene-fassen-parolen-zum-baumschutz-und-zur-wiesli-initiativegruene-fassen-parolen-zum-baumschutz-und-zur-wiesli-initiative\/#breadcrumb\"},\"inLanguage\":\"de\",\"potentialAction\":[{\"@type\":\"ReadAction\",\"target\":[\"https:\/\/gruene-sg.ch\/stadtsg\/2023\/02\/12\/12-02-2023-abstimmung-am-12-maerz-gruene-fassen-parolen-zum-baumschutz-und-zur-wiesli-initiativegruene-fassen-parolen-zum-baumschutz-und-zur-wiesli-initiative\/\"]}]},{\"@type\":\"BreadcrumbList\",\"@id\":\"https:\/\/gruene-sg.ch\/stadtsg\/2023\/02\/12\/12-02-2023-abstimmung-am-12-maerz-gruene-fassen-parolen-zum-baumschutz-und-zur-wiesli-initiativegruene-fassen-parolen-zum-baumschutz-und-zur-wiesli-initiative\/#breadcrumb\",\"itemListElement\":[{\"@type\":\"ListItem\",\"position\":1,\"item\":{\"@type\":\"WebPage\",\"@id\":\"https:\/\/gruene-sg.ch\/stadtsg\/\",\"url\":\"https:\/\/gruene-sg.ch\/stadtsg\/\",\"name\":\"Startseite\"}},{\"@type\":\"ListItem\",\"position\":2,\"item\":{\"@type\":\"WebPage\",\"@id\":\"https:\/\/gruene-sg.ch\/stadtsg\/#menu-item-7786\",\"url\":\"https:\/\/gruene-sg.ch\/stadtsg\/#menu-item-7786\",\"name\":\"Aktuell\"}},{\"@type\":\"ListItem\",\"position\":3,\"item\":{\"@type\":\"WebPage\",\"@id\":\"https:\/\/gruene-sg.ch\/stadtsg\/category\/news\/\",\"url\":\"https:\/\/gruene-sg.ch\/stadtsg\/category\/news\/\",\"name\":\"News\"}},{\"@type\":\"ListItem\",\"position\":4,\"item\":{\"@type\":\"WebPage\",\"@id\":\"https:\/\/gruene-sg.ch\/stadtsg\/category\/medienmitteilung\/\",\"url\":\"https:\/\/gruene-sg.ch\/stadtsg\/category\/medienmitteilung\/\",\"name\":\"Medienmitteilung\"}},{\"@type\":\"ListItem\",\"position\":5,\"item\":{\"@type\":\"WebPage\",\"@id\":\"https:\/\/gruene-sg.ch\/stadtsg\/2023\/02\/12\/12-02-2023-abstimmung-am-12-maerz-gruene-fassen-parolen-zum-baumschutz-und-zur-wiesli-initiativegruene-fassen-parolen-zum-baumschutz-und-zur-wiesli-initiative\/\",\"url\":\"https:\/\/gruene-sg.ch\/stadtsg\/2023\/02\/12\/12-02-2023-abstimmung-am-12-maerz-gruene-fassen-parolen-zum-baumschutz-und-zur-wiesli-initiativegruene-fassen-parolen-zum-baumschutz-und-zur-wiesli-initiative\/\",\"name\":\"GR\\u00dcNE fassen Parolen f\\u00fcr die kommunalen Abstimmungen am 12. M\\u00e4rz 2023\"}}]},{\"@type\":\"Person\",\"@id\":\"https:\/\/gruene-sg.ch\/stadtsg\/#\/schema\/person\/73ea874dfca380b225c8ebb1c073dc9d\",\"name\":\"chtistianh\",\"image\":{\"@type\":\"ImageObject\",\"@id\":\"https:\/\/gruene-sg.ch\/stadtsg\/#personlogo\",\"inLanguage\":\"de\",\"url\":\"https:\/\/secure.gravatar.com\/avatar\/0605bf6a2eecf929fe6d400560c5126f?s=96&d=mm&r=g\",\"caption\":\"chtistianh\"}}]}<\/script>\n<!-- \/ Yoast SEO plugin. -->","_links":{"self":[{"href":"https:\/\/gruene-sg.ch\/stadtsg\/wp-json\/wp\/v2\/posts\/8857"}],"collection":[{"href":"https:\/\/gruene-sg.ch\/stadtsg\/wp-json\/wp\/v2\/posts"}],"about":[{"href":"https:\/\/gruene-sg.ch\/stadtsg\/wp-json\/wp\/v2\/types\/post"}],"author":[{"embeddable":true,"href":"https:\/\/gruene-sg.ch\/stadtsg\/wp-json\/wp\/v2\/users\/12"}],"replies":[{"embeddable":true,"href":"https:\/\/gruene-sg.ch\/stadtsg\/wp-json\/wp\/v2\/comments?post=8857"}],"version-history":[{"count":3,"href":"https:\/\/gruene-sg.ch\/stadtsg\/wp-json\/wp\/v2\/posts\/8857\/revisions"}],"predecessor-version":[{"id":8861,"href":"https:\/\/gruene-sg.ch\/stadtsg\/wp-json\/wp\/v2\/posts\/8857\/revisions\/8861"}],"wp:featuredmedia":[{"embeddable":true,"href":"https:\/\/gruene-sg.ch\/stadtsg\/wp-json\/wp\/v2\/media\/8316"}],"wp:attachment":[{"href":"https:\/\/gruene-sg.ch\/stadtsg\/wp-json\/wp\/v2\/media?parent=8857"}],"wp:term":[{"taxonomy":"category","embeddable":true,"href":"https:\/\/gruene-sg.ch\/stadtsg\/wp-json\/wp\/v2\/categories?post=8857"},{"taxonomy":"post_tag","embeddable":true,"href":"https:\/\/gruene-sg.ch\/stadtsg\/wp-json\/wp\/v2\/tags?post=8857"}],"curies":[{"name":"wp","href":"https:\/\/api.w.org\/{rel}","templated":true}]}}